{"id":6707,"date":"2021-10-29T09:27:58","date_gmt":"2021-10-29T09:27:58","guid":{"rendered":"https:\/\/checkpointsystems.com\/pl\/?p=6707"},"modified":"2024-07-29T10:42:39","modified_gmt":"2024-07-29T08:42:39","slug":"checkpoint-systems-polska-na-european-circular-retail-congress","status":"publish","type":"post","link":"https:\/\/checkpointsystems.com\/pl\/blog\/checkpoint-systems-polska-na-european-circular-retail-congress\/","title":{"rendered":"Checkpoint Systems Polska na European Circular Retail Congress"},"content":{"rendered":"<h2>Relacja z ECRC, kt\u00f3ry odby\u0142 si\u0119 w dniach 27-28 pa\u017adziernika w Warszawie<\/h2>\n<p><strong>\u00a0<\/strong><\/p>\n<p>European Circular Retail Congress to coroczne wydarzenie dla bran\u017cy handlu detalicznego i FMCG. Celem kongresu jest katalizowanie partnerstw, kt\u00f3re umo\u017cliwi\u0105 ludziom, planecie i firmom dalszy rozw\u00f3j oraz wsparcie dzia\u0142a\u0144 podejmowanych wzd\u0142u\u017c ca\u0142ego \u0142a\u0144cucha warto\u015bci przez interesariuszy z bran\u017cy. Checkpoint Systems by\u0142 partnerem tego wydarzenia.<\/p>\n<p>Eksperci Checkpoint Systems wyst\u0105pili w prelekcji i debacie. Wyja\u015bnili, w jaki spos\u00f3b Checkpoint Systems wspiera handel detaliczny i podzielili si\u0119 spostrze\u017ceniami na temat aktualnych wyzwa\u0144 bran\u017cy.<\/p>\n<p>Micha\u0142 Weso\u0142owski (Global Account Manager) podczas wyst\u0105pienia \u201eThe Digital Spine \u2013 cyfrowy kr\u0119gos\u0142up handlu detalicznego\u201d om\u00f3wi\u0142 temat wykorzystania danych RFID w ca\u0142ym ekosystemie handlu detalicznego. Moderatorem spotkania na Scenie RetailTech by\u0142 Przemek Dwojak, Senior Director Client Services, Head of Sales Effectiveness &amp; Geomarketing w <a href=\"https:\/\/www.gfk.com\/pl\/home\">GfK Polonia<\/a>.<\/p>\n<p>&nbsp;<\/p>\n<p><img decoding=\"async\" class=\"lazyload aligncenter size-full wp-image-6962\" src=\"https:\/\/checkpointsystems.com\/pl\/wp-content\/uploads\/sites\/22\/ECRC_photo-2.jpeg\" data-orig-src=\"https:\/\/checkpointsystems.com\/pl\/wp-content\/uploads\/sites\/22\/ECRC_photo-2.jpeg\" alt=\"\" width=\"721\" height=\"479\" srcset=\"data:image\/svg+xml,%3Csvg%20xmlns%3D%27http%3A%2F%2Fwww.w3.org%2F2000%2Fsvg%27%20width%3D%27721%27%20height%3D%27479%27%20viewBox%3D%270%200%20721%20479%27%3E%3Crect%20width%3D%27721%27%20height%3D%27479%27%20fill-opacity%3D%220%22%2F%3E%3C%2Fsvg%3E\" data-srcset=\"https:\/\/checkpointsystems.com\/pl\/wp-content\/uploads\/sites\/22\/ECRC_photo-2-200x133.jpeg 200w, https:\/\/checkpointsystems.com\/pl\/wp-content\/uploads\/sites\/22\/ECRC_photo-2-300x199.jpeg 300w, https:\/\/checkpointsystems.com\/pl\/wp-content\/uploads\/sites\/22\/ECRC_photo-2-400x266.jpeg 400w, https:\/\/checkpointsystems.com\/pl\/wp-content\/uploads\/sites\/22\/ECRC_photo-2-500x332.jpeg 500w, https:\/\/checkpointsystems.com\/pl\/wp-content\/uploads\/sites\/22\/ECRC_photo-2-600x399.jpeg 600w, https:\/\/checkpointsystems.com\/pl\/wp-content\/uploads\/sites\/22\/ECRC_photo-2.jpeg 721w\" data-sizes=\"auto\" data-orig-sizes=\"(max-width: 721px) 100vw, 721px\" \/><\/p>\n<p>&nbsp;<\/p>\n<p>Katarzyna Chapman (Business Development Manager Source Tagging) wzi\u0119\u0142a udzia\u0142 w panelu dyskusyjnym \u201eOptymalny asortyment w dwubiegunowej rzeczywisto\u015bci\u201d. Wyja\u015bni\u0142a, w jaki spos\u00f3b zastosowanie etykiet antykradzie\u017cowych na etapie procesu produkcji umo\u017cliwia zminimalizowanie koszt\u00f3w i zagwarantowanie integralno\u015bci marki. W gronie panelist\u00f3w sceny Trade Development znale\u017ali si\u0119 tak\u017ce Tomasz Michalewicz\u00a0(Dyrektor <a href=\"https:\/\/sklepyabc.pl\/\">sieci ABC<\/a> oraz rozwoju klient\u00f3w\u00a0<a href=\"https:\/\/eurocash.pl\/\">Grupa Eurocash<\/a>), Rafayel Asatryan\u00a0(Commercial Director Sales and Marketing, R&amp;D\u00a0<a href=\"https:\/\/www.serpol-cosmetics.pl\/index.php\/pl\/\">Serpol-Cosmetics<\/a>) oraz Marcin Reichel\u00a0(Channel Manager Head of Channel Away From Home &amp; Convenience\u00a0<a href=\"https:\/\/danone.pl\/\">Danone<\/a>). Moderatork\u0105 panelu by\u0142a\u00a0Ma\u0142gorzata Cichecka, Sales Effectivness Director\u00a0w<a href=\"https:\/\/nielseniq.com\/global\/en\/\"> NielsenIQ<\/a>.<\/p>\n<p>&nbsp;<\/p>\n<p>Organizatorom kongresu <a href=\"https:\/\/conferences-united.eu\/\">European Conferences United,<\/a> prowadz\u0105cym, prelegentom oraz naszym go\u015bciom dzi\u0119kujemy za mo\u017cliwo\u015b\u0107 wymiany wiedzy i do\u015bwiadcze\u0144, a Katarzynie Chapman i Micha\u0142owi Weso\u0142owskiemu gratulujemy udanego wyst\u0105pienia.<\/p>\n<section class=\"linkAnnotation\" data-annotation-id=\"87R\"><\/section>\n","protected":false},"excerpt":{"rendered":"<p>Relacja z ECRC, kt\u00f3ry odby\u0142 si\u0119 w dniach 27-28 pa\u017adziernika  [&#8230;]<\/p>\n","protected":false},"author":4,"featured_media":6961,"comment_status":"open","ping_status":"open","sticky":false,"template":"","format":"standard","meta":{"footnotes":""},"categories":[15],"tags":[],"class_list":["post-6707","post","type-post","status-publish","format-standard","has-post-thumbnail","hentry","category-news"],"yoast_head":"<!-- This site is optimized with the Yoast SEO plugin v27.3 - https:\/\/yoast.com\/product\/yoast-seo-wordpress\/ -->\n<title>Checkpoint Systems na European Circular Retail Congress<\/title>\n<meta name=\"description\" content=\"European Circular Retail Congress to wydarzenie dla bran\u017cy handlu detalicznego i FMCG. Eksperci Checkpoint wyst\u0105pili w prelekcji i debacie.\" \/>\n<meta name=\"robots\" content=\"index, follow, max-snippet:-1, max-image-preview:large, max-video-preview:-1\" \/>\n<link rel=\"canonical\" href=\"https:\/\/checkpointsystems.com\/pl\/blog\/checkpoint-systems-polska-na-european-circular-retail-congress\/\" \/>\n<meta property=\"og:locale\" content=\"en_US\" \/>\n<meta property=\"og:type\" content=\"article\" \/>\n<meta property=\"og:title\" content=\"Checkpoint Systems na European Circular Retail Congress\" \/>\n<meta property=\"og:description\" content=\"European Circular Retail Congress to wydarzenie dla bran\u017cy handlu detalicznego i FMCG. Eksperci Checkpoint wyst\u0105pili w prelekcji i debacie.\" \/>\n<meta property=\"og:url\" content=\"https:\/\/checkpointsystems.com\/pl\/blog\/checkpoint-systems-polska-na-european-circular-retail-congress\/\" \/>\n<meta property=\"og:site_name\" content=\"Checkpoint Systems - technologia dla bran\u017cy handlu detalicznego\" \/>\n<meta property=\"article:published_time\" content=\"2021-10-29T09:27:58+00:00\" \/>\n<meta property=\"article:modified_time\" content=\"2024-07-29T08:42:39+00:00\" \/>\n<meta property=\"og:image\" content=\"https:\/\/checkpointsystems.com\/pl\/wp-content\/uploads\/sites\/22\/ECRC_photo1-1.jpeg\" \/>\n\t<meta property=\"og:image:width\" content=\"1200\" \/>\n\t<meta property=\"og:image:height\" content=\"702\" \/>\n\t<meta property=\"og:image:type\" content=\"image\/jpeg\" \/>\n<meta name=\"author\" content=\"Simon Dickinson\" \/>\n<meta name=\"twitter:card\" content=\"summary_large_image\" \/>\n<meta name=\"twitter:label1\" content=\"Written by\" \/>\n\t<meta name=\"twitter:data1\" content=\"Simon Dickinson\" \/>\n\t<meta name=\"twitter:label2\" content=\"Est. reading time\" \/>\n\t<meta name=\"twitter:data2\" content=\"2 minutes\" \/>\n<script type=\"application\/ld+json\" class=\"yoast-schema-graph\">{\"@context\":\"https:\\\/\\\/schema.org\",\"@graph\":[{\"@type\":\"Article\",\"@id\":\"https:\\\/\\\/checkpointsystems.com\\\/pl\\\/blog\\\/checkpoint-systems-polska-na-european-circular-retail-congress\\\/#article\",\"isPartOf\":{\"@id\":\"https:\\\/\\\/checkpointsystems.com\\\/pl\\\/blog\\\/checkpoint-systems-polska-na-european-circular-retail-congress\\\/\"},\"author\":{\"name\":\"Simon Dickinson\",\"@id\":\"https:\\\/\\\/checkpointsystems.com\\\/pl\\\/#\\\/schema\\\/person\\\/7b47c53c3cd6aed4b251bf41087c7058\"},\"headline\":\"Checkpoint Systems Polska na European Circular Retail Congress\",\"datePublished\":\"2021-10-29T09:27:58+00:00\",\"dateModified\":\"2024-07-29T08:42:39+00:00\",\"mainEntityOfPage\":{\"@id\":\"https:\\\/\\\/checkpointsystems.com\\\/pl\\\/blog\\\/checkpoint-systems-polska-na-european-circular-retail-congress\\\/\"},\"wordCount\":299,\"commentCount\":0,\"image\":{\"@id\":\"https:\\\/\\\/checkpointsystems.com\\\/pl\\\/blog\\\/checkpoint-systems-polska-na-european-circular-retail-congress\\\/#primaryimage\"},\"thumbnailUrl\":\"https:\\\/\\\/checkpointsystems.com\\\/pl\\\/wp-content\\\/uploads\\\/sites\\\/22\\\/ECRC_photo1-1.jpeg\",\"articleSection\":[\"Aktualno\u015bci\"],\"inLanguage\":\"en-US\",\"potentialAction\":[{\"@type\":\"CommentAction\",\"name\":\"Comment\",\"target\":[\"https:\\\/\\\/checkpointsystems.com\\\/pl\\\/blog\\\/checkpoint-systems-polska-na-european-circular-retail-congress\\\/#respond\"]}]},{\"@type\":\"WebPage\",\"@id\":\"https:\\\/\\\/checkpointsystems.com\\\/pl\\\/blog\\\/checkpoint-systems-polska-na-european-circular-retail-congress\\\/\",\"url\":\"https:\\\/\\\/checkpointsystems.com\\\/pl\\\/blog\\\/checkpoint-systems-polska-na-european-circular-retail-congress\\\/\",\"name\":\"Checkpoint Systems na European Circular Retail Congress\",\"isPartOf\":{\"@id\":\"https:\\\/\\\/checkpointsystems.com\\\/pl\\\/#website\"},\"primaryImageOfPage\":{\"@id\":\"https:\\\/\\\/checkpointsystems.com\\\/pl\\\/blog\\\/checkpoint-systems-polska-na-european-circular-retail-congress\\\/#primaryimage\"},\"image\":{\"@id\":\"https:\\\/\\\/checkpointsystems.com\\\/pl\\\/blog\\\/checkpoint-systems-polska-na-european-circular-retail-congress\\\/#primaryimage\"},\"thumbnailUrl\":\"https:\\\/\\\/checkpointsystems.com\\\/pl\\\/wp-content\\\/uploads\\\/sites\\\/22\\\/ECRC_photo1-1.jpeg\",\"datePublished\":\"2021-10-29T09:27:58+00:00\",\"dateModified\":\"2024-07-29T08:42:39+00:00\",\"author\":{\"@id\":\"https:\\\/\\\/checkpointsystems.com\\\/pl\\\/#\\\/schema\\\/person\\\/7b47c53c3cd6aed4b251bf41087c7058\"},\"description\":\"European Circular Retail Congress to wydarzenie dla bran\u017cy handlu detalicznego i FMCG. Eksperci Checkpoint wyst\u0105pili w prelekcji i debacie.\",\"breadcrumb\":{\"@id\":\"https:\\\/\\\/checkpointsystems.com\\\/pl\\\/blog\\\/checkpoint-systems-polska-na-european-circular-retail-congress\\\/#breadcrumb\"},\"inLanguage\":\"en-US\",\"potentialAction\":[{\"@type\":\"ReadAction\",\"target\":[\"https:\\\/\\\/checkpointsystems.com\\\/pl\\\/blog\\\/checkpoint-systems-polska-na-european-circular-retail-congress\\\/\"]}]},{\"@type\":\"ImageObject\",\"inLanguage\":\"en-US\",\"@id\":\"https:\\\/\\\/checkpointsystems.com\\\/pl\\\/blog\\\/checkpoint-systems-polska-na-european-circular-retail-congress\\\/#primaryimage\",\"url\":\"https:\\\/\\\/checkpointsystems.com\\\/pl\\\/wp-content\\\/uploads\\\/sites\\\/22\\\/ECRC_photo1-1.jpeg\",\"contentUrl\":\"https:\\\/\\\/checkpointsystems.com\\\/pl\\\/wp-content\\\/uploads\\\/sites\\\/22\\\/ECRC_photo1-1.jpeg\",\"width\":1200,\"height\":702,\"caption\":\"kongres ecrc checkpoint systems\"},{\"@type\":\"BreadcrumbList\",\"@id\":\"https:\\\/\\\/checkpointsystems.com\\\/pl\\\/blog\\\/checkpoint-systems-polska-na-european-circular-retail-congress\\\/#breadcrumb\",\"itemListElement\":[{\"@type\":\"ListItem\",\"position\":1,\"name\":\"Home\",\"item\":\"https:\\\/\\\/checkpointsystems.com\\\/pl\\\/\"},{\"@type\":\"ListItem\",\"position\":2,\"name\":\"Checkpoint Systems Polska na European Circular Retail Congress\"}]},{\"@type\":\"WebSite\",\"@id\":\"https:\\\/\\\/checkpointsystems.com\\\/pl\\\/#website\",\"url\":\"https:\\\/\\\/checkpointsystems.com\\\/pl\\\/\",\"name\":\"Checkpoint Systems - technologia dla bran\u017cy handlu detalicznego\",\"description\":\"Nowoczesna technologia dla bran\u017cy handlu detalicznego\",\"potentialAction\":[{\"@type\":\"SearchAction\",\"target\":{\"@type\":\"EntryPoint\",\"urlTemplate\":\"https:\\\/\\\/checkpointsystems.com\\\/pl\\\/?s={search_term_string}\"},\"query-input\":{\"@type\":\"PropertyValueSpecification\",\"valueRequired\":true,\"valueName\":\"search_term_string\"}}],\"inLanguage\":\"en-US\"},{\"@type\":\"Person\",\"@id\":\"https:\\\/\\\/checkpointsystems.com\\\/pl\\\/#\\\/schema\\\/person\\\/7b47c53c3cd6aed4b251bf41087c7058\",\"name\":\"Simon Dickinson\",\"image\":{\"@type\":\"ImageObject\",\"inLanguage\":\"en-US\",\"@id\":\"https:\\\/\\\/secure.gravatar.com\\\/avatar\\\/b088b5fbbf92711c43c44d59c50b568f0ae953278da9fe56bbc90d1a0cfc8e02?s=96&d=mm&r=g\",\"url\":\"https:\\\/\\\/secure.gravatar.com\\\/avatar\\\/b088b5fbbf92711c43c44d59c50b568f0ae953278da9fe56bbc90d1a0cfc8e02?s=96&d=mm&r=g\",\"contentUrl\":\"https:\\\/\\\/secure.gravatar.com\\\/avatar\\\/b088b5fbbf92711c43c44d59c50b568f0ae953278da9fe56bbc90d1a0cfc8e02?s=96&d=mm&r=g\",\"caption\":\"Simon Dickinson\"},\"sameAs\":[\"https:\\\/\\\/checkpointsystems.com\\\/\"]}]}<\/script>\n<!-- \/ Yoast SEO plugin. -->","yoast_head_json":{"title":"Checkpoint Systems na European Circular Retail Congress","description":"European Circular Retail Congress to wydarzenie dla bran\u017cy handlu detalicznego i FMCG. Eksperci Checkpoint wyst\u0105pili w prelekcji i debacie.","robots":{"index":"index","follow":"follow","max-snippet":"max-snippet:-1","max-image-preview":"max-image-preview:large","max-video-preview":"max-video-preview:-1"},"canonical":"https:\/\/checkpointsystems.com\/pl\/blog\/checkpoint-systems-polska-na-european-circular-retail-congress\/","og_locale":"en_US","og_type":"article","og_title":"Checkpoint Systems na European Circular Retail Congress","og_description":"European Circular Retail Congress to wydarzenie dla bran\u017cy handlu detalicznego i FMCG. Eksperci Checkpoint wyst\u0105pili w prelekcji i debacie.","og_url":"https:\/\/checkpointsystems.com\/pl\/blog\/checkpoint-systems-polska-na-european-circular-retail-congress\/","og_site_name":"Checkpoint Systems - technologia dla bran\u017cy handlu detalicznego","article_published_time":"2021-10-29T09:27:58+00:00","article_modified_time":"2024-07-29T08:42:39+00:00","og_image":[{"width":1200,"height":702,"url":"https:\/\/checkpointsystems.com\/pl\/wp-content\/uploads\/sites\/22\/ECRC_photo1-1.jpeg","type":"image\/jpeg"}],"author":"Simon Dickinson","twitter_card":"summary_large_image","twitter_misc":{"Written by":"Simon Dickinson","Est. reading time":"2 minutes"},"schema":{"@context":"https:\/\/schema.org","@graph":[{"@type":"Article","@id":"https:\/\/checkpointsystems.com\/pl\/blog\/checkpoint-systems-polska-na-european-circular-retail-congress\/#article","isPartOf":{"@id":"https:\/\/checkpointsystems.com\/pl\/blog\/checkpoint-systems-polska-na-european-circular-retail-congress\/"},"author":{"name":"Simon Dickinson","@id":"https:\/\/checkpointsystems.com\/pl\/#\/schema\/person\/7b47c53c3cd6aed4b251bf41087c7058"},"headline":"Checkpoint Systems Polska na European Circular Retail Congress","datePublished":"2021-10-29T09:27:58+00:00","dateModified":"2024-07-29T08:42:39+00:00","mainEntityOfPage":{"@id":"https:\/\/checkpointsystems.com\/pl\/blog\/checkpoint-systems-polska-na-european-circular-retail-congress\/"},"wordCount":299,"commentCount":0,"image":{"@id":"https:\/\/checkpointsystems.com\/pl\/blog\/checkpoint-systems-polska-na-european-circular-retail-congress\/#primaryimage"},"thumbnailUrl":"https:\/\/checkpointsystems.com\/pl\/wp-content\/uploads\/sites\/22\/ECRC_photo1-1.jpeg","articleSection":["Aktualno\u015bci"],"inLanguage":"en-US","potentialAction":[{"@type":"CommentAction","name":"Comment","target":["https:\/\/checkpointsystems.com\/pl\/blog\/checkpoint-systems-polska-na-european-circular-retail-congress\/#respond"]}]},{"@type":"WebPage","@id":"https:\/\/checkpointsystems.com\/pl\/blog\/checkpoint-systems-polska-na-european-circular-retail-congress\/","url":"https:\/\/checkpointsystems.com\/pl\/blog\/checkpoint-systems-polska-na-european-circular-retail-congress\/","name":"Checkpoint Systems na European Circular Retail Congress","isPartOf":{"@id":"https:\/\/checkpointsystems.com\/pl\/#website"},"primaryImageOfPage":{"@id":"https:\/\/checkpointsystems.com\/pl\/blog\/checkpoint-systems-polska-na-european-circular-retail-congress\/#primaryimage"},"image":{"@id":"https:\/\/checkpointsystems.com\/pl\/blog\/checkpoint-systems-polska-na-european-circular-retail-congress\/#primaryimage"},"thumbnailUrl":"https:\/\/checkpointsystems.com\/pl\/wp-content\/uploads\/sites\/22\/ECRC_photo1-1.jpeg","datePublished":"2021-10-29T09:27:58+00:00","dateModified":"2024-07-29T08:42:39+00:00","author":{"@id":"https:\/\/checkpointsystems.com\/pl\/#\/schema\/person\/7b47c53c3cd6aed4b251bf41087c7058"},"description":"European Circular Retail Congress to wydarzenie dla bran\u017cy handlu detalicznego i FMCG. Eksperci Checkpoint wyst\u0105pili w prelekcji i debacie.","breadcrumb":{"@id":"https:\/\/checkpointsystems.com\/pl\/blog\/checkpoint-systems-polska-na-european-circular-retail-congress\/#breadcrumb"},"inLanguage":"en-US","potentialAction":[{"@type":"ReadAction","target":["https:\/\/checkpointsystems.com\/pl\/blog\/checkpoint-systems-polska-na-european-circular-retail-congress\/"]}]},{"@type":"ImageObject","inLanguage":"en-US","@id":"https:\/\/checkpointsystems.com\/pl\/blog\/checkpoint-systems-polska-na-european-circular-retail-congress\/#primaryimage","url":"https:\/\/checkpointsystems.com\/pl\/wp-content\/uploads\/sites\/22\/ECRC_photo1-1.jpeg","contentUrl":"https:\/\/checkpointsystems.com\/pl\/wp-content\/uploads\/sites\/22\/ECRC_photo1-1.jpeg","width":1200,"height":702,"caption":"kongres ecrc checkpoint systems"},{"@type":"BreadcrumbList","@id":"https:\/\/checkpointsystems.com\/pl\/blog\/checkpoint-systems-polska-na-european-circular-retail-congress\/#breadcrumb","itemListElement":[{"@type":"ListItem","position":1,"name":"Home","item":"https:\/\/checkpointsystems.com\/pl\/"},{"@type":"ListItem","position":2,"name":"Checkpoint Systems Polska na European Circular Retail Congress"}]},{"@type":"WebSite","@id":"https:\/\/checkpointsystems.com\/pl\/#website","url":"https:\/\/checkpointsystems.com\/pl\/","name":"Checkpoint Systems - technologia dla bran\u017cy handlu detalicznego","description":"Nowoczesna technologia dla bran\u017cy handlu detalicznego","potentialAction":[{"@type":"SearchAction","target":{"@type":"EntryPoint","urlTemplate":"https:\/\/checkpointsystems.com\/pl\/?s={search_term_string}"},"query-input":{"@type":"PropertyValueSpecification","valueRequired":true,"valueName":"search_term_string"}}],"inLanguage":"en-US"},{"@type":"Person","@id":"https:\/\/checkpointsystems.com\/pl\/#\/schema\/person\/7b47c53c3cd6aed4b251bf41087c7058","name":"Simon Dickinson","image":{"@type":"ImageObject","inLanguage":"en-US","@id":"https:\/\/secure.gravatar.com\/avatar\/b088b5fbbf92711c43c44d59c50b568f0ae953278da9fe56bbc90d1a0cfc8e02?s=96&d=mm&r=g","url":"https:\/\/secure.gravatar.com\/avatar\/b088b5fbbf92711c43c44d59c50b568f0ae953278da9fe56bbc90d1a0cfc8e02?s=96&d=mm&r=g","contentUrl":"https:\/\/secure.gravatar.com\/avatar\/b088b5fbbf92711c43c44d59c50b568f0ae953278da9fe56bbc90d1a0cfc8e02?s=96&d=mm&r=g","caption":"Simon Dickinson"},"sameAs":["https:\/\/checkpointsystems.com\/"]}]}},"_links":{"self":[{"href":"https:\/\/checkpointsystems.com\/pl\/wp-json\/wp\/v2\/posts\/6707","targetHints":{"allow":["GET"]}}],"collection":[{"href":"https:\/\/checkpointsystems.com\/pl\/wp-json\/wp\/v2\/posts"}],"about":[{"href":"https:\/\/checkpointsystems.com\/pl\/wp-json\/wp\/v2\/types\/post"}],"author":[{"embeddable":true,"href":"https:\/\/checkpointsystems.com\/pl\/wp-json\/wp\/v2\/users\/4"}],"replies":[{"embeddable":true,"href":"https:\/\/checkpointsystems.com\/pl\/wp-json\/wp\/v2\/comments?post=6707"}],"version-history":[{"count":0,"href":"https:\/\/checkpointsystems.com\/pl\/wp-json\/wp\/v2\/posts\/6707\/revisions"}],"wp:featuredmedia":[{"embeddable":true,"href":"https:\/\/checkpointsystems.com\/pl\/wp-json\/wp\/v2\/media\/6961"}],"wp:attachment":[{"href":"https:\/\/checkpointsystems.com\/pl\/wp-json\/wp\/v2\/media?parent=6707"}],"wp:term":[{"taxonomy":"category","embeddable":true,"href":"https:\/\/checkpointsystems.com\/pl\/wp-json\/wp\/v2\/categories?post=6707"},{"taxonomy":"post_tag","embeddable":true,"href":"https:\/\/checkpointsystems.com\/pl\/wp-json\/wp\/v2\/tags?post=6707"}],"curies":[{"name":"wp","href":"https:\/\/api.w.org\/{rel}","templated":true}]}}